
{"id":8989,"date":"2026-06-07T10:43:04","date_gmt":"2026-06-07T08:43:04","guid":{"rendered":"https:\/\/werteweg.euw.edit-hosting.de\/non-categorise\/discussion-la-loi-europeenne-sur-le-devoir-de-vigilance\/"},"modified":"2026-08-04T20:33:02","modified_gmt":"2026-08-04T18:33:02","slug":"discussion-la-loi-europeenne-sur-le-devoir-de-vigilance","status":"publish","type":"post","link":"https:\/\/euwww.eu\/fr\/fr-suggestions\/discussion-la-loi-europeenne-sur-le-devoir-de-vigilance\/","title":{"rendered":"\u00c1 debattre &#8211; La loi europ\u00e9enne sur les cha\u00eenes d&#8217;approvisionnement"},"content":{"rendered":"\n<p class=\"wp-block-paragraph\"><strong>Un coup d&#8217;\u00e9p\u00e9e dans l&#8217;eau pour la protection des droits de l&#8217;homme en Europe ?<\/strong><\/p>\n\n<p class=\"wp-block-paragraph\">En 2024, l&#8217;UE a adopt\u00e9 une loi sur le \u00ab devoir de vigilance des entreprises en mati\u00e8re de durabilit\u00e9 \u00bb (Directive UE 2024\/1760). Elle oblige les entreprises d&#8217;une certaine taille op\u00e9rant dans et avec l&#8217;UE \u00e0 respecter des obligations de diligence en mati\u00e8re de droits humains et d&#8217;environnement du d\u00e9but \u00e0 la fin du processus de production. Cela signifie, par exemple, veiller \u00e0 ce qu&#8217;aucune pi\u00e8ce issue du travail des enfants ou du travail forc\u00e9 ne soit utilis\u00e9e dans la fabrication de leurs produits. Les militant(e)s des droits humains ont salu\u00e9 cette loi, mais les associations professionnelles l&#8217;ont critiqu\u00e9e, la jugeant bureaucratique et co\u00fbteuse. D\u00e8s 2025, alors que les partis favorables \u00e0 l&#8217;\u00e9conomie disposaient d&#8217;une majorit\u00e9 au Parlement europ\u00e9en, la loi europ\u00e9enne a \u00e9t\u00e9 \u00ab assouplie \u00bb : elle ne s&#8217;applique plus qu&#8217;aux grandes entreprises de plus de 5 000 employ\u00e9(e)s, qui ne sont plus tenues de surveiller l&#8217;ensemble de leur cha\u00eene d&#8217;approvisionnement, mais uniquement les maillons o\u00f9 elles identifient elles-m\u00eames un risque important. En outre, les r\u00e8gles en mati\u00e8re de responsabilit\u00e9 ont \u00e9t\u00e9 assouplies.     <\/p>\n\n<p class=\"wp-block-paragraph\">Discutez pour savoir si l&#8217;Union europ\u00e9enne a enfreint ses propres valeurs en prenant cette d\u00e9cision !<\/p>\n\n<p class=\"wp-block-paragraph\"><\/p>\n","protected":false},"excerpt":{"rendered":"<p>Un coup d&#8217;\u00e9p\u00e9e dans l&#8217;eau pour la protection des droits de l&#8217;homme en Europe ? En 2024, l&#8217;UE a adopt\u00e9 une loi sur le \u00ab devoir de vigilance des entreprises en mati\u00e8re de durabilit\u00e9 \u00bb (Directive UE 2024\/1760). Elle oblige les entreprises d&#8217;une certaine taille op\u00e9rant dans et avec l&#8217;UE \u00e0 respecter des obligations de [&hellip;]<\/p>\n","protected":false},"author":6,"featured_media":8102,"comment_status":"closed","ping_status":"closed","sticky":false,"template":"","format":"standard","meta":{"_acf_changed":false,"footnotes":""},"categories":[105,96],"tags":[],"hf_cat_post":[48],"class_list":["post-8989","post","type-post","status-publish","format-standard","has-post-thumbnail","hentry","category-03-droits-fondamentaux","category-fr-suggestions"],"acf":[],"_links":{"self":[{"href":"https:\/\/euwww.eu\/fr\/wp-json\/wp\/v2\/posts\/8989","targetHints":{"allow":["GET"]}}],"collection":[{"href":"https:\/\/euwww.eu\/fr\/wp-json\/wp\/v2\/posts"}],"about":[{"href":"https:\/\/euwww.eu\/fr\/wp-json\/wp\/v2\/types\/post"}],"author":[{"embeddable":true,"href":"https:\/\/euwww.eu\/fr\/wp-json\/wp\/v2\/users\/6"}],"replies":[{"embeddable":true,"href":"https:\/\/euwww.eu\/fr\/wp-json\/wp\/v2\/comments?post=8989"}],"version-history":[{"count":0,"href":"https:\/\/euwww.eu\/fr\/wp-json\/wp\/v2\/posts\/8989\/revisions"}],"wp:featuredmedia":[{"embeddable":true,"href":"https:\/\/euwww.eu\/fr\/wp-json\/wp\/v2\/media\/8102"}],"wp:attachment":[{"href":"https:\/\/euwww.eu\/fr\/wp-json\/wp\/v2\/media?parent=8989"}],"wp:term":[{"taxonomy":"category","embeddable":true,"href":"https:\/\/euwww.eu\/fr\/wp-json\/wp\/v2\/categories?post=8989"},{"taxonomy":"post_tag","embeddable":true,"href":"https:\/\/euwww.eu\/fr\/wp-json\/wp\/v2\/tags?post=8989"},{"taxonomy":"hf_cat_post","embeddable":true,"href":"https:\/\/euwww.eu\/fr\/wp-json\/wp\/v2\/hf_cat_post?post=8989"}],"curies":[{"name":"wp","href":"https:\/\/api.w.org\/{rel}","templated":true}]}}