
{"id":8997,"date":"2026-06-05T13:14:57","date_gmt":"2026-06-05T11:14:57","guid":{"rendered":"https:\/\/werteweg.euw.edit-hosting.de\/non-categorise\/apercu-des-mesures-prises-par-lue-pour-proteger-les-enfants\/"},"modified":"2026-08-04T20:46:08","modified_gmt":"2026-08-04T18:46:08","slug":"apercu-des-mesures-prises-par-lue-pour-proteger-les-enfants","status":"publish","type":"post","link":"https:\/\/euwww.eu\/fr\/fr-suggestions\/apercu-des-mesures-prises-par-lue-pour-proteger-les-enfants\/","title":{"rendered":"Aper\u00e7u des mesures prises par l&#8217;UE pour prot\u00e9ger les enfants"},"content":{"rendered":"\t\t<div data-elementor-type=\"wp-post\" data-elementor-id=\"8997\" class=\"elementor elementor-8997 elementor-8066\" data-elementor-post-type=\"post\">\n\t\t\t\t\t\t<section class=\"elementor-section elementor-top-section elementor-element elementor-element-8763a8d bulletlist linkcolor elementor-section-boxed elementor-section-height-default elementor-section-height-default\" data-id=\"8763a8d\" data-element_type=\"section\" data-e-type=\"section\">\n\t\t\t\t\t\t<div class=\"elementor-container elementor-column-gap-default\">\n\t\t\t\t\t<div class=\"elementor-column elementor-col-100 elementor-top-column elementor-element elementor-element-5c41e54\" data-id=\"5c41e54\" data-element_type=\"column\" data-e-type=\"column\">\n\t\t\t<div class=\"elementor-widget-wrap elementor-element-populated\">\n\t\t\t\t\t\t<div class=\"elementor-element elementor-element-ea86d31 elementor-widget elementor-widget-heading\" data-id=\"ea86d31\" data-element_type=\"widget\" data-e-type=\"widget\" data-widget_type=\"heading.default\">\n\t\t\t\t<div class=\"elementor-widget-container\">\n\t\t\t\t\t<h2 class=\"elementor-heading-title elementor-size-default\">La protection des enfants fait partie des valeurs importantes de l'UE qui s'appliquent \u00e0 l'\u00e9chelle mondiale.<\/h2>\t\t\t\t<\/div>\n\t\t\t\t<\/div>\n\t\t\t\t<div class=\"elementor-element elementor-element-cc76eb8 elementor-widget elementor-widget-text-editor\" data-id=\"cc76eb8\" data-element_type=\"widget\" data-e-type=\"widget\" data-widget_type=\"text-editor.default\">\n\t\t\t\t<div class=\"elementor-widget-container\">\n\t\t\t\t\t\t\t\t\t<p>Pour en savoir plus sur les diff\u00e9rentes mesures prises par LUE ces dernier\u00e8s ann\u00e9es pour prot\u00e9ger les enfants et promouvoir leur bien-\u00eatre, cliquez sur le lien suivant:<br\/>https:\/\/www.europarl.europa.eu\/topics\/fr\/article\/20231109STO09921\/que-fait-l-ue-pour-proteger-les-enfants<\/p><p><a href=\"https:\/\/www.europarl.europa.eu\/topics\/de\/article\/20231109STO09921\/kinderrechte-uberblick-uber-die-massnahmen-der-eu-zum-schutz-von-kindern\">https:\/\/www.europarl.europa.eu\/topics\/de\/article\/20231109STO09921\/kinderrechte-uberblick-uber-die-massnahmen-der-eu-zum-schutz-von-kindern<\/a><\/p>\t\t\t\t\t\t\t\t<\/div>\n\t\t\t\t<\/div>\n\t\t\t\t<div class=\"elementor-element elementor-element-453b9a3 elementor-widget elementor-widget-heading\" data-id=\"453b9a3\" data-element_type=\"widget\" data-e-type=\"widget\" data-widget_type=\"heading.default\">\n\t\t\t\t<div class=\"elementor-widget-container\">\n\t\t\t\t\t<h2 class=\"elementor-heading-title elementor-size-default\">Voous y trouverez des informations sur les th\u00e8mes suivants:<\/h2>\t\t\t\t<\/div>\n\t\t\t\t<\/div>\n\t\t\t\t<div class=\"elementor-element elementor-element-727d778 elementor-widget elementor-widget-text-editor\" data-id=\"727d778\" data-element_type=\"widget\" data-e-type=\"widget\" data-widget_type=\"text-editor.default\">\n\t\t\t\t<div class=\"elementor-widget-container\">\n\t\t\t\t\t\t\t\t\t<ul><li><a href=\"https:\/\/www.europarl.europa.eu\/topics\/de\/article\/20231109STO09921\/kinderrechte-uberblick-uber-die-massnahmen-der-eu-zum-schutz-von-kindern#kinderrechte-und-kinderschutz-sind-eine-prioritt-der-europischen-union-2\">Les droits et la protection des enfants : un sujet cl\u00e9 pour l&#8217;UE<\/a><\/li><li><a href=\"https:\/\/www.europarl.europa.eu\/topics\/de\/article\/20231109STO09921\/kinderrechte-uberblick-uber-die-massnahmen-der-eu-zum-schutz-von-kindern#zugang-zu-gesundheitsversorgung-und-bildung-sichern-3\">Garantir l&#8217;acc\u00e8s aux soins de sant\u00e9 et \u00e0 l&#8217;\u00e9ducation<\/a><\/li><li><a href=\"https:\/\/www.europarl.europa.eu\/topics\/de\/article\/20231109STO09921\/kinderrechte-uberblick-uber-die-massnahmen-der-eu-zum-schutz-von-kindern#bekmpfung-von-kinderarbeit-7\">Combattre le travail forc\u00e9 des enfants<\/a><\/li><li><a href=\"https:\/\/www.europarl.europa.eu\/topics\/de\/article\/20231109STO09921\/kinderrechte-uberblick-uber-die-massnahmen-der-eu-zum-schutz-von-kindern#sicheres-internet-fr-kinder-7\">Internet s\u00e9curis\u00e9 pour les enfants<\/a><\/li><li><a href=\"https:\/\/www.europarl.europa.eu\/topics\/de\/article\/20231109STO09921\/kinderrechte-uberblick-uber-die-massnahmen-der-eu-zum-schutz-von-kindern#verhinderung-des-sexuellen-missbrauchs-von-kindern-im-internet-5\">Pr\u00e9venir les abus sexuels sur les enfants en ligne<\/a><\/li><li><a href=\"https:\/\/www.europarl.europa.eu\/topics\/de\/article\/20231109STO09921\/kinderrechte-uberblick-uber-die-massnahmen-der-eu-zum-schutz-von-kindern#bekmpfung-des-menschenhandels-4\">Lutter contre le trafic des \u00eatres humains<\/a><\/li><li><a href=\"https:\/\/www.europarl.europa.eu\/topics\/de\/article\/20231109STO09921\/kinderrechte-uberblick-uber-die-massnahmen-der-eu-zum-schutz-von-kindern#sicherheit-von-spielzeug-10\">S\u00e9curit\u00e9 des jouets<\/a><\/li><li><a href=\"https:\/\/www.europarl.europa.eu\/topics\/de\/article\/20231109STO09921\/kinderrechte-uberblick-uber-die-massnahmen-der-eu-zum-schutz-von-kindern#videospiel-6\">Videospiel<\/a><\/li><li><a href=\"https:\/\/www.europarl.europa.eu\/topics\/de\/article\/20231109STO09921\/kinderrechte-uberblick-uber-die-massnahmen-der-eu-zum-schutz-von-kindern#gesunde-ernhrung-in-der-schule-0\">Habitudes alimentaires saines \u00e0 l&#8217;\u00e9cole<\/a><\/li><\/ul>\t\t\t\t\t\t\t\t<\/div>\n\t\t\t\t<\/div>\n\t\t\t\t\t<\/div>\n\t\t<\/div>\n\t\t\t\t\t<\/div>\n\t\t<\/section>\n\t\t\t\t<\/div>\n\t\t","protected":false},"excerpt":{"rendered":"<p>La protection des enfants fait partie des valeurs importantes de l&#8217;UE qui s&#8217;appliquent \u00e0 l&#8217;\u00e9chelle mondiale. Pour en savoir plus sur les diff\u00e9rentes mesures prises par LUE ces dernier\u00e8s ann\u00e9es pour prot\u00e9ger les enfants et promouvoir leur bien-\u00eatre, cliquez sur le lien suivant:https:\/\/www.europarl.europa.eu\/topics\/fr\/article\/20231109STO09921\/que-fait-l-ue-pour-proteger-les-enfants https:\/\/www.europarl.europa.eu\/topics\/de\/article\/20231109STO09921\/kinderrechte-uberblick-uber-die-massnahmen-der-eu-zum-schutz-von-kindern Voous y trouverez des informations sur les th\u00e8mes suivants: Les droits [&hellip;]<\/p>\n","protected":false},"author":6,"featured_media":8532,"comment_status":"closed","ping_status":"closed","sticky":false,"template":"","format":"standard","meta":{"_acf_changed":false,"footnotes":""},"categories":[107,96],"tags":[],"hf_cat_post":[51],"class_list":["post-8997","post","type-post","status-publish","format-standard","has-post-thumbnail","hentry","category-07-les-valeurs-europeennes-dans-le-monde","category-fr-suggestions"],"acf":[],"_links":{"self":[{"href":"https:\/\/euwww.eu\/fr\/wp-json\/wp\/v2\/posts\/8997","targetHints":{"allow":["GET"]}}],"collection":[{"href":"https:\/\/euwww.eu\/fr\/wp-json\/wp\/v2\/posts"}],"about":[{"href":"https:\/\/euwww.eu\/fr\/wp-json\/wp\/v2\/types\/post"}],"author":[{"embeddable":true,"href":"https:\/\/euwww.eu\/fr\/wp-json\/wp\/v2\/users\/6"}],"replies":[{"embeddable":true,"href":"https:\/\/euwww.eu\/fr\/wp-json\/wp\/v2\/comments?post=8997"}],"version-history":[{"count":0,"href":"https:\/\/euwww.eu\/fr\/wp-json\/wp\/v2\/posts\/8997\/revisions"}],"wp:featuredmedia":[{"embeddable":true,"href":"https:\/\/euwww.eu\/fr\/wp-json\/wp\/v2\/media\/8532"}],"wp:attachment":[{"href":"https:\/\/euwww.eu\/fr\/wp-json\/wp\/v2\/media?parent=8997"}],"wp:term":[{"taxonomy":"category","embeddable":true,"href":"https:\/\/euwww.eu\/fr\/wp-json\/wp\/v2\/categories?post=8997"},{"taxonomy":"post_tag","embeddable":true,"href":"https:\/\/euwww.eu\/fr\/wp-json\/wp\/v2\/tags?post=8997"},{"taxonomy":"hf_cat_post","embeddable":true,"href":"https:\/\/euwww.eu\/fr\/wp-json\/wp\/v2\/hf_cat_post?post=8997"}],"curies":[{"name":"wp","href":"https:\/\/api.w.org\/{rel}","templated":true}]}}