
{"id":9003,"date":"2026-06-05T12:58:49","date_gmt":"2026-06-05T10:58:49","guid":{"rendered":"https:\/\/werteweg.euw.edit-hosting.de\/non-categorise\/a-debattre\/"},"modified":"2026-08-21T14:28:33","modified_gmt":"2026-08-21T12:28:33","slug":"a-debattre","status":"publish","type":"post","link":"https:\/\/euwww.eu\/fr\/fr-suggestions\/a-debattre\/","title":{"rendered":"\u00c0 debattre"},"content":{"rendered":"\t\t<div data-elementor-type=\"wp-post\" data-elementor-id=\"9003\" class=\"elementor elementor-9003 elementor-8050\" data-elementor-post-type=\"post\">\n\t\t\t\t\t\t<section class=\"elementor-section elementor-top-section elementor-element elementor-element-9066383 elementor-section-boxed elementor-section-height-default elementor-section-height-default\" data-id=\"9066383\" data-element_type=\"section\" data-e-type=\"section\">\n\t\t\t\t\t\t<div class=\"elementor-container elementor-column-gap-default\">\n\t\t\t\t\t<div class=\"elementor-column elementor-col-100 elementor-top-column elementor-element elementor-element-74770fc\" data-id=\"74770fc\" data-element_type=\"column\" data-e-type=\"column\">\n\t\t\t<div class=\"elementor-widget-wrap elementor-element-populated\">\n\t\t\t\t\t\t<div class=\"elementor-element elementor-element-b0f2c89 bulletlist linkcolor elementor-widget elementor-widget-text-editor\" data-id=\"b0f2c89\" data-element_type=\"widget\" data-e-type=\"widget\" data-widget_type=\"text-editor.default\">\n\t\t\t\t<div class=\"elementor-widget-container\">\n\t\t\t\t\t\t\t\t\t<p><strong>Il est important d&#8217;avoir sa propre identit\u00e9 culturelle, de se sentir appartenir \u00e0 un groupe et de partager des points communs avec ses membres. <\/strong><\/p><ul><li><strong>Qu&#8217;est-ce qui est particuli\u00e8rement important dans votre identit\u00e9 ? La langue, la musique, l&#8217;humour ou la cuisine ?  <\/strong><\/li><li><strong>Comment vous pr\u00e9senteriez-vous si vous vouliez faire comprendre \u00e0 quelqu&#8217;un que vous vous sentez \u00e0 la fois Europ\u00e9en(ne), citoyen(ne) d&#8217;une nation et habitant(e) d&#8217;une r\u00e9gion ?<\/strong><\/li><li><strong>Voulez-vous conna\u00eetre les coutumes et les f\u00eates qui existent en Europe ? Alors, consultez cette page web:  <\/strong><a href=\"https:\/\/folklore-europaea.org\/\"><strong>https:\/\/folklore-europaea.org\/<\/strong><\/a> <strong>Vous pourrez y d\u00e9couvrir la diversit\u00e9 europ\u00e9enne par pays et par saison. <\/strong> <\/li><\/ul><p> <\/p><ul><li><strong>Que pensez-vous des initiatives visant \u00e0 cr\u00e9er d&#8217;une cha\u00eene de t\u00e9l\u00e9vision europ\u00e9enne avec des traductions permanentes en toutes les langues gr\u00e2ce \u00e0 l&#8217;intelligence artificielle, afin de sensibiliser tous les citoyens et citoyennes de l&#8217;UE \u00e1 la devise de l&#8217;UE \u00ab Unie dans la diversit\u00e9 \u00bb et de la renforcer?<\/strong><\/li><\/ul><p><strong> <\/strong><\/p><p><strong>Pouvez-vous imaginer d&#8217;autres institutions, objets ou organismes susceptibles de promouvoir l&#8217;unit\u00e9 dans la diversit\u00e9 des citoyens et citoyen(ne)s de l&#8217;UE ?<\/strong><\/p>\t\t\t\t\t\t\t\t<\/div>\n\t\t\t\t<\/div>\n\t\t\t\t\t<\/div>\n\t\t<\/div>\n\t\t\t\t\t<\/div>\n\t\t<\/section>\n\t\t\t\t<\/div>\n\t\t","protected":false},"excerpt":{"rendered":"<p>Il est important d&#8217;avoir sa propre identit\u00e9 culturelle, de se sentir appartenir \u00e0 un groupe et de partager des points communs avec ses membres. Qu&#8217;est-ce qui est particuli\u00e8rement important dans votre identit\u00e9 ? La langue, la musique, l&#8217;humour ou la cuisine ? Comment vous pr\u00e9senteriez-vous si vous vouliez faire comprendre \u00e0 quelqu&#8217;un que vous vous [&hellip;]<\/p>\n","protected":false},"author":6,"featured_media":8102,"comment_status":"closed","ping_status":"closed","sticky":false,"template":"","format":"standard","meta":{"_acf_changed":false,"footnotes":""},"categories":[102,96],"tags":[],"hf_cat_post":[50],"class_list":["post-9003","post","type-post","status-publish","format-standard","has-post-thumbnail","hentry","category-06-unie-dans-la-diversite","category-fr-suggestions"],"acf":[],"_links":{"self":[{"href":"https:\/\/euwww.eu\/fr\/wp-json\/wp\/v2\/posts\/9003","targetHints":{"allow":["GET"]}}],"collection":[{"href":"https:\/\/euwww.eu\/fr\/wp-json\/wp\/v2\/posts"}],"about":[{"href":"https:\/\/euwww.eu\/fr\/wp-json\/wp\/v2\/types\/post"}],"author":[{"embeddable":true,"href":"https:\/\/euwww.eu\/fr\/wp-json\/wp\/v2\/users\/6"}],"replies":[{"embeddable":true,"href":"https:\/\/euwww.eu\/fr\/wp-json\/wp\/v2\/comments?post=9003"}],"version-history":[{"count":0,"href":"https:\/\/euwww.eu\/fr\/wp-json\/wp\/v2\/posts\/9003\/revisions"}],"wp:featuredmedia":[{"embeddable":true,"href":"https:\/\/euwww.eu\/fr\/wp-json\/wp\/v2\/media\/8102"}],"wp:attachment":[{"href":"https:\/\/euwww.eu\/fr\/wp-json\/wp\/v2\/media?parent=9003"}],"wp:term":[{"taxonomy":"category","embeddable":true,"href":"https:\/\/euwww.eu\/fr\/wp-json\/wp\/v2\/categories?post=9003"},{"taxonomy":"post_tag","embeddable":true,"href":"https:\/\/euwww.eu\/fr\/wp-json\/wp\/v2\/tags?post=9003"},{"taxonomy":"hf_cat_post","embeddable":true,"href":"https:\/\/euwww.eu\/fr\/wp-json\/wp\/v2\/hf_cat_post?post=9003"}],"curies":[{"name":"wp","href":"https:\/\/api.w.org\/{rel}","templated":true}]}}