
{"id":9005,"date":"2026-06-05T11:32:03","date_gmt":"2026-06-05T09:32:03","guid":{"rendered":"https:\/\/werteweg.euw.edit-hosting.de\/non-categorise\/unis-dans-la-diversite\/"},"modified":"2026-08-21T15:20:51","modified_gmt":"2026-08-21T13:20:51","slug":"unis-dans-la-diversite","status":"publish","type":"post","link":"https:\/\/euwww.eu\/fr\/fr-suggestions\/unis-dans-la-diversite\/","title":{"rendered":"Unis dans la diversit\u00e9"},"content":{"rendered":"\t\t<div data-elementor-type=\"wp-post\" data-elementor-id=\"9005\" class=\"elementor elementor-9005 elementor-8019\" data-elementor-post-type=\"post\">\n\t\t\t\t\t\t<section class=\"elementor-section elementor-top-section elementor-element elementor-element-f3df50b elementor-section-boxed elementor-section-height-default elementor-section-height-default\" data-id=\"f3df50b\" data-element_type=\"section\" data-e-type=\"section\">\n\t\t\t\t\t\t<div class=\"elementor-container elementor-column-gap-default\">\n\t\t\t\t\t<div class=\"elementor-column elementor-col-100 elementor-top-column elementor-element elementor-element-c1ff7b7\" data-id=\"c1ff7b7\" data-element_type=\"column\" data-e-type=\"column\">\n\t\t\t<div class=\"elementor-widget-wrap elementor-element-populated\">\n\t\t\t\t\t\t<section class=\"elementor-section elementor-inner-section elementor-element elementor-element-53355b6 elementor-section-boxed elementor-section-height-default elementor-section-height-default\" data-id=\"53355b6\" data-element_type=\"section\" data-e-type=\"section\">\n\t\t\t\t\t\t<div class=\"elementor-container elementor-column-gap-default\">\n\t\t\t\t\t<div class=\"elementor-column elementor-col-50 elementor-inner-column elementor-element elementor-element-4a371f8\" data-id=\"4a371f8\" data-element_type=\"column\" data-e-type=\"column\">\n\t\t\t<div class=\"elementor-widget-wrap elementor-element-populated\">\n\t\t\t\t\t\t<div class=\"elementor-element elementor-element-6b037f5 elementor-widget elementor-widget-text-editor\" data-id=\"6b037f5\" data-element_type=\"widget\" data-e-type=\"widget\" data-widget_type=\"text-editor.default\">\n\t\t\t\t<div class=\"elementor-widget-container\">\n\t\t\t\t\t\t\t\t\t<p>Depuis l&#8217;an 2000, cette phrase concise est la devise de l&#8217;Union europ\u00e9enne.<\/p>\t\t\t\t\t\t\t\t<\/div>\n\t\t\t\t<\/div>\n\t\t\t\t<div class=\"elementor-element elementor-element-e704286 elementor-widget elementor-widget-ucaddon_annotation\" data-id=\"e704286\" data-element_type=\"widget\" data-e-type=\"widget\" data-widget_type=\"ucaddon_annotation.default\">\n\t\t\t\t<div class=\"elementor-widget-container\">\n\t\t\t\t\t\n<!-- start Annotation -->\n<style>\/* widget: Annotation *\/\n\n#uc_annotation_elementor_e704286{\n  min-height: 1px;\n}\n\n#uc_annotation_elementor_e704286 .ue-annotation-annotation-text{\n  display: inline-block;\n  position: relative;\n}\n\n\/* reset link style *\/\n#uc_annotation_elementor_e704286 .ue-annotation-link{\n  color: unset;\n  font-family: unset;\n  font-size: unset;\n  font-weight: unset;\n}\n\n<\/style>\n\n\n<div id=\"uc_annotation_elementor_e704286\" class=\"ue-annotation\">\n      <div class=\"ue-annotation-wrapper\"><span class=\"ue-annotation-before-text\">Le<\/span> <span class=\"ue-annotation-annotation-text\">Le drapeau de l&#039;Union europ\u00e9enne<\/span> <span class=\"ue-annotation-after-text\">n'est pas seulement un symbole de l'UE, il repr\u00e9sente aussi, dans un sens plus large, l'unit\u00e9 et l'identit\u00e9 de l'Europe.<\/span><\/div> \n  <\/div>\n<!-- end Annotation -->\t\t\t\t<\/div>\n\t\t\t\t<\/div>\n\t\t\t\t<div class=\"elementor-element elementor-element-d0c450d elementor-widget elementor-widget-text-editor\" data-id=\"d0c450d\" data-element_type=\"widget\" data-e-type=\"widget\" data-widget_type=\"text-editor.default\">\n\t\t\t\t<div class=\"elementor-widget-container\">\n\t\t\t\t\t\t\t\t\t<p>Il repr\u00e9sente un cercle de douze \u00e9toiles dor\u00e9es sur fond bleu. Les \u00e9toiles symbolisent <strong>les valeurs d&#8217;unit\u00e9, de solidarit\u00e9 <\/strong>et <strong>d&#8217;harmonie entre <\/strong>les<strong> peuples d&#8217;Europes<\/strong>. <\/p><p>Le nombre d&#8217;\u00e9toiles n&#8217;a rien \u00e0 voir avec le nombre d&#8217;\u00c9tats membres, mais l<strong>e cercle<\/strong> est un <strong>symbole<\/strong> <strong>d&#8217;unit\u00e9. <\/strong><\/p>\t\t\t\t\t\t\t\t<\/div>\n\t\t\t\t<\/div>\n\t\t\t\t\t<\/div>\n\t\t<\/div>\n\t\t\t\t<div class=\"elementor-column elementor-col-50 elementor-inner-column elementor-element elementor-element-6444cf8\" data-id=\"6444cf8\" data-element_type=\"column\" data-e-type=\"column\">\n\t\t\t<div class=\"elementor-widget-wrap elementor-element-populated\">\n\t\t\t\t\t\t<div class=\"elementor-element elementor-element-e0a5346 elementor-widget elementor-widget-image\" data-id=\"e0a5346\" data-element_type=\"widget\" data-e-type=\"widget\" data-widget_type=\"image.default\">\n\t\t\t\t<div class=\"elementor-widget-container\">\n\t\t\t\t\t\t\t\t\t\t\t\t\t\t\t<img fetchpriority=\"high\" decoding=\"async\" width=\"800\" height=\"533\" src=\"https:\/\/euwww.eu\/wp-content\/uploads\/2026\/03\/EUWWW-Europaflagge_als-Grafikelement.avif\" class=\"attachment-large size-large wp-image-7046\" alt=\"\" \/>\t\t\t\t\t\t\t\t\t\t\t\t\t\t\t<\/div>\n\t\t\t\t<\/div>\n\t\t\t\t\t<\/div>\n\t\t<\/div>\n\t\t\t\t\t<\/div>\n\t\t<\/section>\n\t\t\t\t<section class=\"elementor-section elementor-inner-section elementor-element elementor-element-a1c63ea elementor-section-boxed elementor-section-height-default elementor-section-height-default\" data-id=\"a1c63ea\" data-element_type=\"section\" data-e-type=\"section\">\n\t\t\t\t\t\t<div class=\"elementor-container elementor-column-gap-default\">\n\t\t\t\t\t<div class=\"elementor-column elementor-col-33 elementor-inner-column elementor-element elementor-element-e582e02\" data-id=\"e582e02\" data-element_type=\"column\" data-e-type=\"column\">\n\t\t\t<div class=\"elementor-widget-wrap elementor-element-populated\">\n\t\t\t\t\t\t<div class=\"elementor-element elementor-element-1b76c0f elementor-widget__width-initial elementor-widget elementor-widget-image\" data-id=\"1b76c0f\" data-element_type=\"widget\" data-e-type=\"widget\" data-widget_type=\"image.default\">\n\t\t\t\t<div class=\"elementor-widget-container\">\n\t\t\t\t\t\t\t\t\t\t\t\t<figure class=\"wp-caption\">\n\t\t\t\t\t\t\t\t\t\t<img decoding=\"async\" width=\"287\" height=\"345\" src=\"https:\/\/euwww.eu\/wp-content\/uploads\/2026\/06\/EUWWW_Station-06_Anregungen_In-Vielfalt-geeint_Beethofen.jpg\" class=\"attachment-large size-large wp-image-8025\" alt=\"\" srcset=\"https:\/\/euwww.eu\/wp-content\/uploads\/2026\/06\/EUWWW_Station-06_Anregungen_In-Vielfalt-geeint_Beethofen.jpg 287w, https:\/\/euwww.eu\/wp-content\/uploads\/2026\/06\/EUWWW_Station-06_Anregungen_In-Vielfalt-geeint_Beethofen-250x300.jpg 250w\" sizes=\"(max-width: 287px) 100vw, 287px\" \/>\t\t\t\t\t\t\t\t\t\t\t<figcaption class=\"widget-image-caption wp-caption-text\">Ludwig van Beethoven<\/figcaption>\n\t\t\t\t\t\t\t\t\t\t<\/figure>\n\t\t\t\t\t\t\t\t\t<\/div>\n\t\t\t\t<\/div>\n\t\t\t\t\t<\/div>\n\t\t<\/div>\n\t\t\t\t<div class=\"elementor-column elementor-col-33 elementor-inner-column elementor-element elementor-element-dbcc664\" data-id=\"dbcc664\" data-element_type=\"column\" data-e-type=\"column\">\n\t\t\t<div class=\"elementor-widget-wrap elementor-element-populated\">\n\t\t\t\t\t\t<div class=\"elementor-element elementor-element-954c96f elementor-widget elementor-widget-ucaddon_annotation\" data-id=\"954c96f\" data-element_type=\"widget\" data-e-type=\"widget\" data-widget_type=\"ucaddon_annotation.default\">\n\t\t\t\t<div class=\"elementor-widget-container\">\n\t\t\t\t\t\n<!-- start Annotation -->\n<style>\/* widget: Annotation *\/\n\n#uc_annotation_elementor_954c96f{\n  min-height: 1px;\n}\n\n#uc_annotation_elementor_954c96f .ue-annotation-annotation-text{\n  display: inline-block;\n  position: relative;\n}\n\n\/* reset link style *\/\n#uc_annotation_elementor_954c96f .ue-annotation-link{\n  color: unset;\n  font-family: unset;\n  font-size: unset;\n  font-weight: unset;\n}\n\n<\/style>\n\n\n<div id=\"uc_annotation_elementor_954c96f\" class=\"ue-annotation\">\n      <div class=\"ue-annotation-wrapper\"><span class=\"ue-annotation-before-text\">La<\/span> <span class=\"ue-annotation-annotation-text\">Europahymne <\/span> <span class=\"ue-annotation-after-text\">est un autre symbole de l'UE. Il ne remplace pas les hymnes nationaux des \u00c9tats membres, mais symbolise l'unit\u00e9 de l'Europe dans la diversit\u00e9 \u00e0 travers le langage universel de la musique.  <\/span><\/div> \n  <\/div>\n<!-- end Annotation -->\t\t\t\t<\/div>\n\t\t\t\t<\/div>\n\t\t\t\t<div class=\"elementor-element elementor-element-ffbbec9 linkcolor elementor-widget elementor-widget-text-editor\" data-id=\"ffbbec9\" data-element_type=\"widget\" data-e-type=\"widget\" data-widget_type=\"text-editor.default\">\n\t\t\t\t<div class=\"elementor-widget-container\">\n\t\t\t\t\t\t\t\t\t<p>Le <strong>site web de l&#8217;UE <\/strong>intitul\u00e9 \u00ab L&#8217;hymne europ\u00e9en \u00bb contient un texte explicatif avec un lien vers la musique :<\/p><p><a href=\"https:\/\/european-union.europa.eu\/principles-countries-history\/symbols\/european-anthem_de\">L&#8217;hymne europ\u00e9en | Union europ\u00e9enne<\/a><\/p><p>Vous trouverez ici de nombreuses variations et interpr\u00e9tations de l&#8217;hymne europ\u00e9en ainsi que des explications suppl\u00e9mentaires :<\/p><p><a href=\"https:\/\/www.coe.int\/de\/web\/about-us\/the-european-anthem\">L&#8217;hymne europ\u00e9en | Le Conseil de l&#8217;Europe en bref<\/a><\/p>\t\t\t\t\t\t\t\t<\/div>\n\t\t\t\t<\/div>\n\t\t\t\t\t<\/div>\n\t\t<\/div>\n\t\t\t\t<div class=\"elementor-column elementor-col-33 elementor-inner-column elementor-element elementor-element-ef31234\" data-id=\"ef31234\" data-element_type=\"column\" data-e-type=\"column\">\n\t\t\t<div class=\"elementor-widget-wrap elementor-element-populated\">\n\t\t\t\t\t\t<div class=\"elementor-element elementor-element-c0fb0cd elementor-widget__width-initial elementor-widget elementor-widget-image\" data-id=\"c0fb0cd\" data-element_type=\"widget\" data-e-type=\"widget\" data-widget_type=\"image.default\">\n\t\t\t\t<div class=\"elementor-widget-container\">\n\t\t\t\t\t\t\t\t\t\t\t\t<figure class=\"wp-caption\">\n\t\t\t\t\t\t\t\t\t\t<img decoding=\"async\" width=\"263\" height=\"359\" src=\"https:\/\/euwww.eu\/wp-content\/uploads\/2026\/06\/EUWWW_Station-06_Anregungen_In-Vielfalt-geeint_Schiller.jpg\" class=\"attachment-large size-large wp-image-8029\" alt=\"\" srcset=\"https:\/\/euwww.eu\/wp-content\/uploads\/2026\/06\/EUWWW_Station-06_Anregungen_In-Vielfalt-geeint_Schiller.jpg 263w, https:\/\/euwww.eu\/wp-content\/uploads\/2026\/06\/EUWWW_Station-06_Anregungen_In-Vielfalt-geeint_Schiller-220x300.jpg 220w\" sizes=\"(max-width: 263px) 100vw, 263px\" \/>\t\t\t\t\t\t\t\t\t\t\t<figcaption class=\"widget-image-caption wp-caption-text\">Friedrich Schiller<\/figcaption>\n\t\t\t\t\t\t\t\t\t\t<\/figure>\n\t\t\t\t\t\t\t\t\t<\/div>\n\t\t\t\t<\/div>\n\t\t\t\t\t<\/div>\n\t\t<\/div>\n\t\t\t\t\t<\/div>\n\t\t<\/section>\n\t\t\t\t\t<\/div>\n\t\t<\/div>\n\t\t\t\t\t<\/div>\n\t\t<\/section>\n\t\t\t\t<\/div>\n\t\t","protected":false},"excerpt":{"rendered":"<p>Depuis l&#8217;an 2000, cette phrase concise est la devise de l&#8217;Union europ\u00e9enne. Le Le drapeau de l&#039;Union europ\u00e9enne n&#8217;est pas seulement un symbole de l&#8217;UE, il repr\u00e9sente aussi, dans un sens plus large, l&#8217;unit\u00e9 et l&#8217;identit\u00e9 de l&#8217;Europe. Il repr\u00e9sente un cercle de douze \u00e9toiles dor\u00e9es sur fond bleu. Les \u00e9toiles symbolisent les valeurs d&#8217;unit\u00e9, [&hellip;]<\/p>\n","protected":false},"author":6,"featured_media":7046,"comment_status":"closed","ping_status":"closed","sticky":false,"template":"","format":"standard","meta":{"_acf_changed":false,"footnotes":""},"categories":[102,96],"tags":[],"hf_cat_post":[],"class_list":["post-9005","post","type-post","status-publish","format-standard","has-post-thumbnail","hentry","category-06-unie-dans-la-diversite","category-fr-suggestions"],"acf":[],"_links":{"self":[{"href":"https:\/\/euwww.eu\/fr\/wp-json\/wp\/v2\/posts\/9005","targetHints":{"allow":["GET"]}}],"collection":[{"href":"https:\/\/euwww.eu\/fr\/wp-json\/wp\/v2\/posts"}],"about":[{"href":"https:\/\/euwww.eu\/fr\/wp-json\/wp\/v2\/types\/post"}],"author":[{"embeddable":true,"href":"https:\/\/euwww.eu\/fr\/wp-json\/wp\/v2\/users\/6"}],"replies":[{"embeddable":true,"href":"https:\/\/euwww.eu\/fr\/wp-json\/wp\/v2\/comments?post=9005"}],"version-history":[{"count":0,"href":"https:\/\/euwww.eu\/fr\/wp-json\/wp\/v2\/posts\/9005\/revisions"}],"wp:featuredmedia":[{"embeddable":true,"href":"https:\/\/euwww.eu\/fr\/wp-json\/wp\/v2\/media\/7046"}],"wp:attachment":[{"href":"https:\/\/euwww.eu\/fr\/wp-json\/wp\/v2\/media?parent=9005"}],"wp:term":[{"taxonomy":"category","embeddable":true,"href":"https:\/\/euwww.eu\/fr\/wp-json\/wp\/v2\/categories?post=9005"},{"taxonomy":"post_tag","embeddable":true,"href":"https:\/\/euwww.eu\/fr\/wp-json\/wp\/v2\/tags?post=9005"},{"taxonomy":"hf_cat_post","embeddable":true,"href":"https:\/\/euwww.eu\/fr\/wp-json\/wp\/v2\/hf_cat_post?post=9005"}],"curies":[{"name":"wp","href":"https:\/\/api.w.org\/{rel}","templated":true}]}}