
{"id":9009,"date":"2026-03-27T13:22:29","date_gmt":"2026-03-27T12:22:29","guid":{"rendered":"https:\/\/werteweg.euw.edit-hosting.de\/non-categorise\/valeurs-occidentales-et-double-morale-occidentale\/"},"modified":"2026-03-27T13:22:29","modified_gmt":"2026-03-27T12:22:29","slug":"valeurs-occidentales-et-double-morale-occidentale","status":"publish","type":"post","link":"https:\/\/euwww.eu\/fr\/fr-suggestions\/07-les-valeurs-europeennes-dans-le-monde\/valeurs-occidentales-et-double-morale-occidentale\/","title":{"rendered":"Valeurs occidentales et double morale occidentale"},"content":{"rendered":"<div class=\"linkcolor bulletlist\"><strong><em>Dans la revue sp\u00e9cialis\u00e9e Internationale Politik (IP) du 30 d\u00e9cembre 2024, Sophie Eisentraut aborde le reproche fait \u00e0 l&#8217;Occident de suivre ses valeurs et ses r\u00e8gles de mani\u00e8re assez s\u00e9lective. Voici le d\u00e9but de son article :  <\/em><\/strong><\/p>\n<p><strong> <\/strong><\/p>\n<p><strong>\u00ab Les accusations selon lesquelles l&#8217;Occident appliquerait deux poids deux mesures dans son approche de l&#8217;ordre international fond\u00e9 sur des r\u00e8gles sont actuellement omnipr\u00e9sentes. Les repr\u00e9sentants des gouvernements des pays du Sud critiquent le fait que les pays occidentaux s&#8217;engagent officiellement \u00e0 respecter les r\u00e8gles et principes internationaux, mais ne les respectent pas suffisamment ou les appliquent de mani\u00e8re incoh\u00e9rente dans leur politique \u00e9trang\u00e8re. Ainsi, en avril 2024, Prabowo Subianto, alors ministre de la D\u00e9fense et aujourd&#8217;hui pr\u00e9sident de l&#8217;Indon\u00e9sie, s&#8217;est plaint que lorsqu&#8217;il s&#8217;agit de s&#8217;engager pour la paix dans le monde, l&#8217;Occident a \u00ab des principes pour l&#8217;Ukraine et d&#8217;autres principes pour les Palestiniens \u00bb. <\/strong><\/p>\n<p><strong> <\/strong><\/p>\n<p><strong>L&#8217;accusation de double standard occidental n&#8217;est en aucun cas nouvelle. Depuis des d\u00e9cennies, les d\u00e9cideurs du Sud critiquent les Am\u00e9ricains et les Europ\u00e9ens pour leurs actions contraires aux r\u00e8gles et normes inscrites dans les trait\u00e9s internationaux auxquels l&#8217;Occident se sent officiellement li\u00e9. La guerre en Irak men\u00e9e par les \u00c9tats-Unis n&#8217;\u00e9tait pas compatible avec le principe d&#8217;int\u00e9grit\u00e9 territoriale ; les accords migratoires europ\u00e9ens conclus avec les autocrates nord-africains contredisent l&#8217;engagement occidental en faveur de la promotion de la d\u00e9mocratie et des droits humains ; et l&#8217;exp\u00e9rience encore r\u00e9cente d&#8217;un \u00ab apartheid vaccinal \u00bb prouverait que la promesse inscrite dans l&#8217;Agenda 2030 et les objectifs de d\u00e9veloppement des Nations unies de ne laisser personne de c\u00f4t\u00e9 (\u00ab leave no one behind \u00bb) n&#8217;est qu&#8217;une d\u00e9claration de pure forme pour de nombreux pays occidentaux. \u00c0 cela s&#8217;ajoute la r\u00e9ticence per\u00e7ue de l&#8217;Occident \u00e0 r\u00e9former les organisations internationales de mani\u00e8re \u00e0 ce que les pays du Sud y soient repr\u00e9sent\u00e9s de mani\u00e8re ad\u00e9quate. (&#8230;) \u00bb    <\/strong><\/p>\n<p>Veuillez poursuivre votre lecture sous (en allemand) :<br \/>\n<a href=\"https:\/\/internationalepolitik.de\/de\/westliche-doppelstandards-prinzipien-unter-beschuss\">https:\/\/internationalepolitik.de\/de\/westliche-doppelstandards-prinzipien-unter-beschuss<\/a>\n<\/div>\n","protected":false},"excerpt":{"rendered":"<p>Le droit d&#8217;asile constitue un domaine particuli\u00e8rement important dans la relation entre libert\u00e9 et \u00e9galit\u00e9.<\/p>\n","protected":false},"author":6,"featured_media":8532,"comment_status":"closed","ping_status":"closed","sticky":false,"template":"","format":"standard","meta":{"_acf_changed":false,"footnotes":""},"categories":[61,96],"tags":[],"hf_cat_post":[48],"class_list":["post-9009","post","type-post","status-publish","format-standard","has-post-thumbnail","hentry","category-07-werteglobal","category-fr-suggestions"],"acf":[],"_links":{"self":[{"href":"https:\/\/euwww.eu\/fr\/wp-json\/wp\/v2\/posts\/9009","targetHints":{"allow":["GET"]}}],"collection":[{"href":"https:\/\/euwww.eu\/fr\/wp-json\/wp\/v2\/posts"}],"about":[{"href":"https:\/\/euwww.eu\/fr\/wp-json\/wp\/v2\/types\/post"}],"author":[{"embeddable":true,"href":"https:\/\/euwww.eu\/fr\/wp-json\/wp\/v2\/users\/6"}],"replies":[{"embeddable":true,"href":"https:\/\/euwww.eu\/fr\/wp-json\/wp\/v2\/comments?post=9009"}],"version-history":[{"count":0,"href":"https:\/\/euwww.eu\/fr\/wp-json\/wp\/v2\/posts\/9009\/revisions"}],"wp:featuredmedia":[{"embeddable":true,"href":"https:\/\/euwww.eu\/fr\/wp-json\/wp\/v2\/media\/8532"}],"wp:attachment":[{"href":"https:\/\/euwww.eu\/fr\/wp-json\/wp\/v2\/media?parent=9009"}],"wp:term":[{"taxonomy":"category","embeddable":true,"href":"https:\/\/euwww.eu\/fr\/wp-json\/wp\/v2\/categories?post=9009"},{"taxonomy":"post_tag","embeddable":true,"href":"https:\/\/euwww.eu\/fr\/wp-json\/wp\/v2\/tags?post=9009"},{"taxonomy":"hf_cat_post","embeddable":true,"href":"https:\/\/euwww.eu\/fr\/wp-json\/wp\/v2\/hf_cat_post?post=9009"}],"curies":[{"name":"wp","href":"https:\/\/api.w.org\/{rel}","templated":true}]}}