
{"id":9016,"date":"2026-03-08T16:56:37","date_gmt":"2026-03-08T15:56:37","guid":{"rendered":"https:\/\/werteweg.euw.edit-hosting.de\/non-categorise\/a-debattre-2\/"},"modified":"2026-03-08T16:56:37","modified_gmt":"2026-03-08T15:56:37","slug":"a-debattre-2","status":"publish","type":"post","link":"https:\/\/euwww.eu\/fr\/fr-suggestions\/a-debattre-2\/","title":{"rendered":"\u00c0 debattre"},"content":{"rendered":"<p><strong>Invitation \u00e0 la discussion<\/strong><\/p>\n<p>Est-il bon que des partis puissent \u00eatre \u00e9lus au Parlement europ\u00e9en alors qu&#8217;ils r\u00e9clament ouvertement dans leur programme \u00e9lectoral la suppression de ce m\u00eame Parlement ? Ou faudrait-il \u00e9galement, lors des \u00e9lections au Parlement europ\u00e9en, exiger des partis qu&#8217;ils s&#8217;engagent en faveur d&#8217;un \u00ab ordre europ\u00e9en lib\u00e9ral et d\u00e9mocratique \u00bb pour pouvoir se pr\u00e9senter aux \u00e9lections ? <\/p>\n<p>\u00ab La d\u00e9mocratie est, comme tout le monde le sait, le meilleur syst\u00e8me politique, car on peut l&#8217;insulter en toute impunit\u00e9. \u00bb (Citation d&#8217;<em>Ephraim Kishon<\/em>, satiriste isra\u00e9lien). Peut-on adh\u00e9rer sans r\u00e9serve \u00e0 cette affirmation ?<\/p>\n<p>\u00ab L&#8217;\u00c9tat lib\u00e9ral et la\u00efc repose sur des conditions qu&#8217;il ne peut garantir lui-m\u00eame. C&#8217;est le grand risque qu&#8217;il a pris au nom de la libert\u00e9. \u00bb (Ernst-Wolfgang B\u00f6ckenf\u00f6rde, 1967). Quel type de restrictions (volontaires) de la libert\u00e9 sont n\u00e9cessaires pour que l&#8217;\u00c9tat lib\u00e9ral puisse exister ? Et peut-on exiger cela des citoyen(ne)s ?  <\/p>\n<p>&nbsp;<\/p>\n<p><strong>L&#8217;exemple de la Pologne<\/strong><\/p>\n<p><em> <\/em><\/p>\n<p><em>En Pologne, le parti national-conservateur Droit et Justice (PiS) a gouvern\u00e9 de 2023 \u00e0 2025. Les dirigeants de ce parti ont tent\u00e9 de diverses mani\u00e8res de r\u00e9former le syst\u00e8me judiciaire du pays selon leurs id\u00e9es. Stations selon Maximilian Steinbeis, Die verwundbare Demokratie (La d\u00e9mocratie vuln\u00e9rable) (2024), p. 27-39 :  <\/em><\/p>\n<p>&gt; Nomination de partisans du gouvernement \u00e0 la Cour constitutionnelle polonaise<\/p>\n<p>&gt; D\u00e9nonciations de juges constitutionnels lib\u00e9raux-d\u00e9mocrates<\/p>\n<p>&gt; Retards de proc\u00e9dure par la collusion entre le pr\u00e9sident de la R\u00e9publique et la Cour constitutionnelle<\/p>\n<p>&gt; R\u00e9organisation de l&#8217;\u00e9lection des juges dans l&#8217;int\u00e9r\u00eat du gouvernement non lib\u00e9ral<\/p>\n<p>&gt; Mise \u00e0 la retraite forc\u00e9e de juges<\/p>\n<p>&gt; Proc\u00e9dures disciplinaires \u00e0 l&#8217;encontre des juges<\/p>\n<p>&gt; Menaces \u00e0 l&#8217;encontre des juges qui ont soumis des affaires \u00e0 la CJUE<\/p>\n","protected":false},"excerpt":{"rendered":"<p>Invitation \u00e0 la discussion Est-il bon que des partis puissent \u00eatre \u00e9lus au Parlement europ\u00e9en alors qu&#8217;ils r\u00e9clament ouvertement dans leur programme \u00e9lectoral la suppression de ce m\u00eame Parlement ? Ou faudrait-il \u00e9galement, lors des \u00e9lections au Parlement europ\u00e9en, exiger des partis qu&#8217;ils s&#8217;engagent en faveur d&#8217;un \u00ab ordre europ\u00e9en lib\u00e9ral et d\u00e9mocratique \u00bb pour [&hellip;]<\/p>\n","protected":false},"author":6,"featured_media":8102,"comment_status":"closed","ping_status":"closed","sticky":false,"template":"","format":"standard","meta":{"_acf_changed":false,"footnotes":""},"categories":[108,96],"tags":[],"hf_cat_post":[44],"class_list":["post-9016","post","type-post","status-publish","format-standard","has-post-thumbnail","hentry","category-04-democratie","category-fr-suggestions"],"acf":[],"_links":{"self":[{"href":"https:\/\/euwww.eu\/fr\/wp-json\/wp\/v2\/posts\/9016","targetHints":{"allow":["GET"]}}],"collection":[{"href":"https:\/\/euwww.eu\/fr\/wp-json\/wp\/v2\/posts"}],"about":[{"href":"https:\/\/euwww.eu\/fr\/wp-json\/wp\/v2\/types\/post"}],"author":[{"embeddable":true,"href":"https:\/\/euwww.eu\/fr\/wp-json\/wp\/v2\/users\/6"}],"replies":[{"embeddable":true,"href":"https:\/\/euwww.eu\/fr\/wp-json\/wp\/v2\/comments?post=9016"}],"version-history":[{"count":0,"href":"https:\/\/euwww.eu\/fr\/wp-json\/wp\/v2\/posts\/9016\/revisions"}],"wp:featuredmedia":[{"embeddable":true,"href":"https:\/\/euwww.eu\/fr\/wp-json\/wp\/v2\/media\/8102"}],"wp:attachment":[{"href":"https:\/\/euwww.eu\/fr\/wp-json\/wp\/v2\/media?parent=9016"}],"wp:term":[{"taxonomy":"category","embeddable":true,"href":"https:\/\/euwww.eu\/fr\/wp-json\/wp\/v2\/categories?post=9016"},{"taxonomy":"post_tag","embeddable":true,"href":"https:\/\/euwww.eu\/fr\/wp-json\/wp\/v2\/tags?post=9016"},{"taxonomy":"hf_cat_post","embeddable":true,"href":"https:\/\/euwww.eu\/fr\/wp-json\/wp\/v2\/hf_cat_post?post=9016"}],"curies":[{"name":"wp","href":"https:\/\/api.w.org\/{rel}","templated":true}]}}