
{"id":9064,"date":"2026-06-05T10:37:11","date_gmt":"2026-06-05T08:37:11","guid":{"rendered":"https:\/\/werteweg.euw.edit-hosting.de\/non-categorise\/droit-et-justice\/"},"modified":"2026-08-21T12:15:36","modified_gmt":"2026-08-21T10:15:36","slug":"droit-et-justice","status":"publish","type":"post","link":"https:\/\/euwww.eu\/fr\/fr-suggestions\/droit-et-justice\/","title":{"rendered":"Droit et justice\u200b"},"content":{"rendered":"\t\t<div data-elementor-type=\"wp-post\" data-elementor-id=\"9064\" class=\"elementor elementor-9064 elementor-7990\" data-elementor-post-type=\"post\">\n\t\t\t\t\t\t<section class=\"elementor-section elementor-top-section elementor-element elementor-element-2cbc9c0 linkcolor elementor-section-boxed elementor-section-height-default elementor-section-height-default\" data-id=\"2cbc9c0\" data-element_type=\"section\" data-e-type=\"section\">\n\t\t\t\t\t\t<div class=\"elementor-container elementor-column-gap-default\">\n\t\t\t\t\t<div class=\"elementor-column elementor-col-100 elementor-top-column elementor-element elementor-element-ae7edff\" data-id=\"ae7edff\" data-element_type=\"column\" data-e-type=\"column\">\n\t\t\t<div class=\"elementor-widget-wrap elementor-element-populated\">\n\t\t\t\t\t\t<div class=\"elementor-element elementor-element-68a86e0 elementor-widget elementor-widget-text-editor\" data-id=\"68a86e0\" data-element_type=\"widget\" data-e-type=\"widget\" data-widget_type=\"text-editor.default\">\n\t\t\t\t<div class=\"elementor-widget-container\">\n\t\t\t\t\t\t\t\t\t<p>En tant que citoyens d\u2019un \u00c9tat membre de l\u2019UE, nous nous attendons \u00e0 pouvoir vivre dans des conditions \u00e9quitables. Cette attente va de pair avec l\u2019id\u00e9e que chaque individu soit trait\u00e9, encourag\u00e9 et mis au d\u00e9fi <strong>en fonction de ses capacit\u00e9s.<\/strong> <\/p><p>Or, l&#8217;un des principes fondamentaux de la vie en communaut\u00e9 au sein de l&#8217;UE, garanti par la Constitution, est que tous les individus sont <strong>\u00e9gaux devant la loi<\/strong>. N&#8217;y a-t-il pas l\u00e0 une contradiction \u2013 une contradiction entre justice et droit ? Une contradiction telle que celle illustr\u00e9e par cette caricature&#8230;  <\/p>\t\t\t\t\t\t\t\t<\/div>\n\t\t\t\t<\/div>\n\t\t\t\t<div class=\"elementor-element elementor-element-8ecc9f6 elementor-widget elementor-widget-image\" data-id=\"8ecc9f6\" data-element_type=\"widget\" data-e-type=\"widget\" data-widget_type=\"image.default\">\n\t\t\t\t<div class=\"elementor-widget-container\">\n\t\t\t\t\t\t\t\t\t\t\t\t<figure class=\"wp-caption\">\n\t\t\t\t\t\t\t\t\t\t<img fetchpriority=\"high\" decoding=\"async\" width=\"810\" height=\"581\" src=\"https:\/\/euwww.eu\/wp-content\/uploads\/Rechtsstaatlichkeit-2.jpg\" class=\"attachment-full size-full wp-image-9063\" alt=\"\" srcset=\"https:\/\/euwww.eu\/wp-content\/uploads\/Rechtsstaatlichkeit-2.jpg 810w, https:\/\/euwww.eu\/wp-content\/uploads\/Rechtsstaatlichkeit-2-300x215.jpg 300w, https:\/\/euwww.eu\/wp-content\/uploads\/Rechtsstaatlichkeit-2-768x551.jpg 768w\" sizes=\"(max-width: 810px) 100vw, 810px\" \/>\t\t\t\t\t\t\t\t\t\t\t<figcaption class=\"widget-image-caption wp-caption-text\">\"Dans le but d`assurer une s\u00e9lection \u00e9quitable, I'\u00e8preuve est la m\u00eame pour vous tous: grimpez \u00e0 un arbre !\"<\/figcaption>\n\t\t\t\t\t\t\t\t\t\t<\/figure>\n\t\t\t\t\t\t\t\t\t<\/div>\n\t\t\t\t<\/div>\n\t\t\t\t<div class=\"elementor-element elementor-element-b6afadf elementor-widget elementor-widget-text-editor\" data-id=\"b6afadf\" data-element_type=\"widget\" data-e-type=\"widget\" data-widget_type=\"text-editor.default\">\n\t\t\t\t<div class=\"elementor-widget-container\">\n\t\t\t\t\t\t\t\t\t<p>L&#8217;Union europ\u00e9enne r\u00e9sout ce dilemme en \u00e9tablissant des r\u00e8gles contraignantes pour tous ses membres, tout en laissant \u00e0 chaque \u00c9tat membre le soin de les <a href=\"https:\/\/commission.europa.eu\/law\/application-eu-law\/implementing-eu-law_fr\" target=\"_blank\" rel=\"noopener\">mettre en \u0153uvre<\/a> dans son cadre national. Il en r\u00e9sulte un espace juridique europ\u00e9en \u00e0 la fois solide dans son principe et souple, qui constitue la meilleure garantie d&#8217;une justice aussi grande que possible dans l&#8217;Europe unie. <\/p>\t\t\t\t\t\t\t\t<\/div>\n\t\t\t\t<\/div>\n\t\t\t\t\t<\/div>\n\t\t<\/div>\n\t\t\t\t\t<\/div>\n\t\t<\/section>\n\t\t\t\t<\/div>\n\t\t","protected":false},"excerpt":{"rendered":"<p>En tant que citoyens d\u2019un \u00c9tat membre de l\u2019UE, nous nous attendons \u00e0 pouvoir vivre dans des conditions \u00e9quitables. Cette attente va de pair avec l\u2019id\u00e9e que chaque individu soit trait\u00e9, encourag\u00e9 et mis au d\u00e9fi en fonction de ses capacit\u00e9s. Or, l&#8217;un des principes fondamentaux de la vie en communaut\u00e9 au sein de l&#8217;UE, [&hellip;]<\/p>\n","protected":false},"author":6,"featured_media":9063,"comment_status":"closed","ping_status":"closed","sticky":false,"template":"","format":"standard","meta":{"_acf_changed":false,"footnotes":""},"categories":[113,96],"tags":[],"hf_cat_post":[49],"class_list":["post-9064","post","type-post","status-publish","format-standard","has-post-thumbnail","hentry","category-05-etat-de-droit","category-fr-suggestions"],"acf":[],"_links":{"self":[{"href":"https:\/\/euwww.eu\/fr\/wp-json\/wp\/v2\/posts\/9064","targetHints":{"allow":["GET"]}}],"collection":[{"href":"https:\/\/euwww.eu\/fr\/wp-json\/wp\/v2\/posts"}],"about":[{"href":"https:\/\/euwww.eu\/fr\/wp-json\/wp\/v2\/types\/post"}],"author":[{"embeddable":true,"href":"https:\/\/euwww.eu\/fr\/wp-json\/wp\/v2\/users\/6"}],"replies":[{"embeddable":true,"href":"https:\/\/euwww.eu\/fr\/wp-json\/wp\/v2\/comments?post=9064"}],"version-history":[{"count":0,"href":"https:\/\/euwww.eu\/fr\/wp-json\/wp\/v2\/posts\/9064\/revisions"}],"wp:featuredmedia":[{"embeddable":true,"href":"https:\/\/euwww.eu\/fr\/wp-json\/wp\/v2\/media\/9063"}],"wp:attachment":[{"href":"https:\/\/euwww.eu\/fr\/wp-json\/wp\/v2\/media?parent=9064"}],"wp:term":[{"taxonomy":"category","embeddable":true,"href":"https:\/\/euwww.eu\/fr\/wp-json\/wp\/v2\/categories?post=9064"},{"taxonomy":"post_tag","embeddable":true,"href":"https:\/\/euwww.eu\/fr\/wp-json\/wp\/v2\/tags?post=9064"},{"taxonomy":"hf_cat_post","embeddable":true,"href":"https:\/\/euwww.eu\/fr\/wp-json\/wp\/v2\/hf_cat_post?post=9064"}],"curies":[{"name":"wp","href":"https:\/\/api.w.org\/{rel}","templated":true}]}}